{"id":535,"date":"2020-11-24T14:00:26","date_gmt":"2020-11-24T13:00:26","guid":{"rendered":"http:\/\/ajunchantres2si2la.fr\/?p=535"},"modified":"2020-12-11T18:36:03","modified_gmt":"2020-12-11T17:36:03","slug":"de-lile-a-lile-de-brehat-iii","status":"publish","type":"post","link":"https:\/\/ajunchantres2si2la.fr\/index.php\/2020\/11\/24\/de-lile-a-lile-de-brehat-iii\/","title":{"rendered":"DE LILLE A L&rsquo;ILE DE BREHAT [III]"},"content":{"rendered":"\n<p>Pour ce dernier article de la s\u00e9rie  voici une  s\u00e9quence vid\u00e9o de  \u00ab\u00a0Love Me Better\u00a0\u00bb par Enoha et un plan de fabrication du pied de micro en bois, insolite, utilis\u00e9 pour la sonorisation.<br>Vous remarquerez que si les voitures dites \u00ab\u00a0de tourisme\u00a0\u00bb ne sont pas autoris\u00e9es sur l&rsquo;Ile, les tracteurs le sont&#8230;malheureusement pour cette s\u00e9quence !<br>A bient\u00f4t.<\/p>\n\n\n\n<p>L.M.<\/p>\n\n\n\n<figure class=\"wp-block-embed-youtube wp-block-embed is-type-video is-provider-youtube wp-embed-aspect-16-9 wp-has-aspect-ratio\"><div class=\"wp-block-embed__wrapper\">\n<iframe loading=\"lazy\" title=\"Enoha Ile de Brehat\" width=\"525\" height=\"295\" src=\"https:\/\/www.youtube.com\/embed\/VgAPb7TATwY?feature=oembed\" frameborder=\"0\" allow=\"accelerometer; autoplay; clipboard-write; encrypted-media; gyroscope; picture-in-picture\" allowfullscreen><\/iframe>\n<\/div><figcaption> \u00ab\u00a0Love Me Better\u00a0\u00bb paroles et musique par Enoha<\/figcaption><\/figure>\n\n\n\n<p> <\/p>\n\n\n\n<figure class=\"wp-block-image size-large\"><img decoding=\"async\" loading=\"lazy\" width=\"859\" height=\"1024\" src=\"https:\/\/ajunchantres2si2la.fr\/wp-content\/uploads\/2020\/11\/Aj_Pied_Mic_VE_GrisNote-859x1024.png\" alt=\"\" class=\"wp-image-579\" srcset=\"https:\/\/ajunchantres2si2la.fr\/wp-content\/uploads\/2020\/11\/Aj_Pied_Mic_VE_GrisNote-859x1024.png 859w, https:\/\/ajunchantres2si2la.fr\/wp-content\/uploads\/2020\/11\/Aj_Pied_Mic_VE_GrisNote-252x300.png 252w, https:\/\/ajunchantres2si2la.fr\/wp-content\/uploads\/2020\/11\/Aj_Pied_Mic_VE_GrisNote-768x916.png 768w, https:\/\/ajunchantres2si2la.fr\/wp-content\/uploads\/2020\/11\/Aj_Pied_Mic_VE_GrisNote-1288x1536.png 1288w, https:\/\/ajunchantres2si2la.fr\/wp-content\/uploads\/2020\/11\/Aj_Pied_Mic_VE_GrisNote.png 1654w\" sizes=\"(max-width: 767px) 89vw, (max-width: 1000px) 54vw, (max-width: 1071px) 543px, 580px\" \/><\/figure>\n\n\n\n<p>N.B. Le micro se fixe \u00e0 la t\u00eate par un ruban \u00e9lastique tandis que  la longe y est encastr\u00e9e. Un sandow permet d&rsquo;attacher la longe au pied. Le pied demande \u00e0 \u00eatre stabilis\u00e9 au moyen d&rsquo;une masse quelconque ( ampli, grosse pierre ou sac de sable&#8230;.) <\/p>\n\n\n\n<p> <\/p>\n","protected":false},"excerpt":{"rendered":"<p>Pour ce dernier article de la s\u00e9rie voici une s\u00e9quence vid\u00e9o de \u00ab\u00a0Love Me Better\u00a0\u00bb par Enoha et un plan de fabrication du pied de micro en bois, insolite, utilis\u00e9 pour la sonorisation.Vous remarquerez que si les voitures dites \u00ab\u00a0de tourisme\u00a0\u00bb ne sont pas autoris\u00e9es sur l&rsquo;Ile, les tracteurs le sont&#8230;malheureusement pour cette s\u00e9quence !A &hellip; <\/p>\n<p class=\"link-more\"><a href=\"https:\/\/ajunchantres2si2la.fr\/index.php\/2020\/11\/24\/de-lile-a-lile-de-brehat-iii\/\" class=\"more-link\">Continuer la lecture<span class=\"screen-reader-text\"> de &laquo;&nbsp;DE LILLE A L&rsquo;ILE DE BREHAT [III]&nbsp;&raquo;<\/span><\/a><\/p>\n","protected":false},"author":1,"featured_media":0,"comment_status":"closed","ping_status":"open","sticky":false,"template":"","format":"standard","meta":{"jetpack_publicize_message":"","jetpack_is_tweetstorm":false,"jetpack_publicize_feature_enabled":true,"jetpack_social_post_already_shared":true,"jetpack_social_options":{"image_generator_settings":{"template":"highway","enabled":false}}},"categories":[2],"tags":[26,33,31],"jetpack_publicize_connections":[],"yoast_head":"<!-- This site is optimized with the Yoast SEO plugin v18.9 - https:\/\/yoast.com\/wordpress\/plugins\/seo\/ -->\n<title>DE LILLE A L&#039;ILE DE BREHAT [III] - AJUN CHANTRE de-ci de-l\u00e0<\/title>\n<meta name=\"robots\" content=\"index, follow, max-snippet:-1, max-image-preview:large, max-video-preview:-1\" \/>\n<link rel=\"canonical\" href=\"https:\/\/ajunchantres2si2la.fr\/index.php\/2020\/11\/24\/de-lile-a-lile-de-brehat-iii\/\" \/>\n<meta property=\"og:locale\" content=\"fr_FR\" \/>\n<meta property=\"og:type\" content=\"article\" \/>\n<meta property=\"og:title\" content=\"DE LILLE A L&#039;ILE DE BREHAT [III] - AJUN CHANTRE de-ci de-l\u00e0\" \/>\n<meta property=\"og:description\" content=\"Pour ce dernier article de la s\u00e9rie voici une s\u00e9quence vid\u00e9o de \u00ab\u00a0Love Me Better\u00a0\u00bb par Enoha et un plan de fabrication du pied de micro en bois, insolite, utilis\u00e9 pour la sonorisation.Vous remarquerez que si les voitures dites \u00ab\u00a0de tourisme\u00a0\u00bb ne sont pas autoris\u00e9es sur l&rsquo;Ile, les tracteurs le sont&#8230;malheureusement pour cette s\u00e9quence !A &hellip; Continuer la lecture de &laquo;&nbsp;DE LILLE A L&rsquo;ILE DE BREHAT [III]&nbsp;&raquo;\" \/>\n<meta property=\"og:url\" content=\"https:\/\/ajunchantres2si2la.fr\/index.php\/2020\/11\/24\/de-lile-a-lile-de-brehat-iii\/\" \/>\n<meta property=\"og:site_name\" content=\"AJUN CHANTRE de-ci de-l\u00e0\" \/>\n<meta property=\"article:published_time\" content=\"2020-11-24T13:00:26+00:00\" \/>\n<meta property=\"article:modified_time\" content=\"2020-12-11T17:36:03+00:00\" \/>\n<meta property=\"og:image\" content=\"http:\/\/ajunchantres2si2la.fr\/wp-content\/uploads\/2020\/11\/Aj_Pied_Mic_VE_GrisNote-859x1024.png\" \/>\n<meta name=\"twitter:card\" content=\"summary_large_image\" \/>\n<meta name=\"twitter:label1\" content=\"\u00c9crit par\" \/>\n\t<meta name=\"twitter:data1\" content=\"lino\" \/>\n\t<meta name=\"twitter:label2\" content=\"Dur\u00e9e de lecture estim\u00e9e\" \/>\n\t<meta name=\"twitter:data2\" content=\"1 minute\" \/>\n<script type=\"application\/ld+json\" class=\"yoast-schema-graph\">{\"@context\":\"https:\/\/schema.org\",\"@graph\":[{\"@type\":\"WebSite\",\"@id\":\"https:\/\/ajunchantres2si2la.fr\/#website\",\"url\":\"https:\/\/ajunchantres2si2la.fr\/\",\"name\":\"AJUN CHANTRE DE-CI DE-LA\",\"description\":\"CHANSONS POPULAIRES ET TRADITIONNELLES DU MONDE\",\"potentialAction\":[{\"@type\":\"SearchAction\",\"target\":{\"@type\":\"EntryPoint\",\"urlTemplate\":\"https:\/\/ajunchantres2si2la.fr\/?s={search_term_string}\"},\"query-input\":\"required name=search_term_string\"}],\"inLanguage\":\"fr-FR\"},{\"@type\":\"ImageObject\",\"inLanguage\":\"fr-FR\",\"@id\":\"https:\/\/ajunchantres2si2la.fr\/index.php\/2020\/11\/24\/de-lile-a-lile-de-brehat-iii\/#primaryimage\",\"url\":\"http:\/\/ajunchantres2si2la.fr\/wp-content\/uploads\/2020\/11\/Aj_Pied_Mic_VE_GrisNote-859x1024.png\",\"contentUrl\":\"http:\/\/ajunchantres2si2la.fr\/wp-content\/uploads\/2020\/11\/Aj_Pied_Mic_VE_GrisNote-859x1024.png\"},{\"@type\":\"WebPage\",\"@id\":\"https:\/\/ajunchantres2si2la.fr\/index.php\/2020\/11\/24\/de-lile-a-lile-de-brehat-iii\/#webpage\",\"url\":\"https:\/\/ajunchantres2si2la.fr\/index.php\/2020\/11\/24\/de-lile-a-lile-de-brehat-iii\/\",\"name\":\"DE LILLE A L'ILE DE BREHAT [III] - AJUN CHANTRE de-ci de-l\u00e0\",\"isPartOf\":{\"@id\":\"https:\/\/ajunchantres2si2la.fr\/#website\"},\"primaryImageOfPage\":{\"@id\":\"https:\/\/ajunchantres2si2la.fr\/index.php\/2020\/11\/24\/de-lile-a-lile-de-brehat-iii\/#primaryimage\"},\"datePublished\":\"2020-11-24T13:00:26+00:00\",\"dateModified\":\"2020-12-11T17:36:03+00:00\",\"author\":{\"@id\":\"https:\/\/ajunchantres2si2la.fr\/#\/schema\/person\/f577fc8f8af7aab0edb77637f645477c\"},\"breadcrumb\":{\"@id\":\"https:\/\/ajunchantres2si2la.fr\/index.php\/2020\/11\/24\/de-lile-a-lile-de-brehat-iii\/#breadcrumb\"},\"inLanguage\":\"fr-FR\",\"potentialAction\":[{\"@type\":\"ReadAction\",\"target\":[\"https:\/\/ajunchantres2si2la.fr\/index.php\/2020\/11\/24\/de-lile-a-lile-de-brehat-iii\/\"]}]},{\"@type\":\"BreadcrumbList\",\"@id\":\"https:\/\/ajunchantres2si2la.fr\/index.php\/2020\/11\/24\/de-lile-a-lile-de-brehat-iii\/#breadcrumb\",\"itemListElement\":[{\"@type\":\"ListItem\",\"position\":1,\"name\":\"Accueil\",\"item\":\"https:\/\/ajunchantres2si2la.fr\/\"},{\"@type\":\"ListItem\",\"position\":2,\"name\":\"DE LILLE A L&#8217;ILE DE BREHAT [III]\"}]},{\"@type\":\"Person\",\"@id\":\"https:\/\/ajunchantres2si2la.fr\/#\/schema\/person\/f577fc8f8af7aab0edb77637f645477c\",\"name\":\"lino\",\"image\":{\"@type\":\"ImageObject\",\"inLanguage\":\"fr-FR\",\"@id\":\"https:\/\/ajunchantres2si2la.fr\/#\/schema\/person\/image\/\",\"url\":\"https:\/\/secure.gravatar.com\/avatar\/bc11a162dbd429ca91c169ff6c145746?s=96&d=mm&r=g\",\"contentUrl\":\"https:\/\/secure.gravatar.com\/avatar\/bc11a162dbd429ca91c169ff6c145746?s=96&d=mm&r=g\",\"caption\":\"lino\"}}]}<\/script>\n<!-- \/ Yoast SEO plugin. -->","yoast_head_json":{"title":"DE LILLE A L'ILE DE BREHAT [III] - AJUN CHANTRE de-ci de-l\u00e0","robots":{"index":"index","follow":"follow","max-snippet":"max-snippet:-1","max-image-preview":"max-image-preview:large","max-video-preview":"max-video-preview:-1"},"canonical":"https:\/\/ajunchantres2si2la.fr\/index.php\/2020\/11\/24\/de-lile-a-lile-de-brehat-iii\/","og_locale":"fr_FR","og_type":"article","og_title":"DE LILLE A L'ILE DE BREHAT [III] - AJUN CHANTRE de-ci de-l\u00e0","og_description":"Pour ce dernier article de la s\u00e9rie voici une s\u00e9quence vid\u00e9o de \u00ab\u00a0Love Me Better\u00a0\u00bb par Enoha et un plan de fabrication du pied de micro en bois, insolite, utilis\u00e9 pour la sonorisation.Vous remarquerez que si les voitures dites \u00ab\u00a0de tourisme\u00a0\u00bb ne sont pas autoris\u00e9es sur l&rsquo;Ile, les tracteurs le sont&#8230;malheureusement pour cette s\u00e9quence !A &hellip; Continuer la lecture de &laquo;&nbsp;DE LILLE A L&rsquo;ILE DE BREHAT [III]&nbsp;&raquo;","og_url":"https:\/\/ajunchantres2si2la.fr\/index.php\/2020\/11\/24\/de-lile-a-lile-de-brehat-iii\/","og_site_name":"AJUN CHANTRE de-ci de-l\u00e0","article_published_time":"2020-11-24T13:00:26+00:00","article_modified_time":"2020-12-11T17:36:03+00:00","og_image":[{"url":"http:\/\/ajunchantres2si2la.fr\/wp-content\/uploads\/2020\/11\/Aj_Pied_Mic_VE_GrisNote-859x1024.png"}],"twitter_card":"summary_large_image","twitter_misc":{"\u00c9crit par":"lino","Dur\u00e9e de lecture estim\u00e9e":"1 minute"},"schema":{"@context":"https:\/\/schema.org","@graph":[{"@type":"WebSite","@id":"https:\/\/ajunchantres2si2la.fr\/#website","url":"https:\/\/ajunchantres2si2la.fr\/","name":"AJUN CHANTRE DE-CI DE-LA","description":"CHANSONS POPULAIRES ET TRADITIONNELLES DU MONDE","potentialAction":[{"@type":"SearchAction","target":{"@type":"EntryPoint","urlTemplate":"https:\/\/ajunchantres2si2la.fr\/?s={search_term_string}"},"query-input":"required name=search_term_string"}],"inLanguage":"fr-FR"},{"@type":"ImageObject","inLanguage":"fr-FR","@id":"https:\/\/ajunchantres2si2la.fr\/index.php\/2020\/11\/24\/de-lile-a-lile-de-brehat-iii\/#primaryimage","url":"http:\/\/ajunchantres2si2la.fr\/wp-content\/uploads\/2020\/11\/Aj_Pied_Mic_VE_GrisNote-859x1024.png","contentUrl":"http:\/\/ajunchantres2si2la.fr\/wp-content\/uploads\/2020\/11\/Aj_Pied_Mic_VE_GrisNote-859x1024.png"},{"@type":"WebPage","@id":"https:\/\/ajunchantres2si2la.fr\/index.php\/2020\/11\/24\/de-lile-a-lile-de-brehat-iii\/#webpage","url":"https:\/\/ajunchantres2si2la.fr\/index.php\/2020\/11\/24\/de-lile-a-lile-de-brehat-iii\/","name":"DE LILLE A L'ILE DE BREHAT [III] - AJUN CHANTRE de-ci de-l\u00e0","isPartOf":{"@id":"https:\/\/ajunchantres2si2la.fr\/#website"},"primaryImageOfPage":{"@id":"https:\/\/ajunchantres2si2la.fr\/index.php\/2020\/11\/24\/de-lile-a-lile-de-brehat-iii\/#primaryimage"},"datePublished":"2020-11-24T13:00:26+00:00","dateModified":"2020-12-11T17:36:03+00:00","author":{"@id":"https:\/\/ajunchantres2si2la.fr\/#\/schema\/person\/f577fc8f8af7aab0edb77637f645477c"},"breadcrumb":{"@id":"https:\/\/ajunchantres2si2la.fr\/index.php\/2020\/11\/24\/de-lile-a-lile-de-brehat-iii\/#breadcrumb"},"inLanguage":"fr-FR","potentialAction":[{"@type":"ReadAction","target":["https:\/\/ajunchantres2si2la.fr\/index.php\/2020\/11\/24\/de-lile-a-lile-de-brehat-iii\/"]}]},{"@type":"BreadcrumbList","@id":"https:\/\/ajunchantres2si2la.fr\/index.php\/2020\/11\/24\/de-lile-a-lile-de-brehat-iii\/#breadcrumb","itemListElement":[{"@type":"ListItem","position":1,"name":"Accueil","item":"https:\/\/ajunchantres2si2la.fr\/"},{"@type":"ListItem","position":2,"name":"DE LILLE A L&#8217;ILE DE BREHAT [III]"}]},{"@type":"Person","@id":"https:\/\/ajunchantres2si2la.fr\/#\/schema\/person\/f577fc8f8af7aab0edb77637f645477c","name":"lino","image":{"@type":"ImageObject","inLanguage":"fr-FR","@id":"https:\/\/ajunchantres2si2la.fr\/#\/schema\/person\/image\/","url":"https:\/\/secure.gravatar.com\/avatar\/bc11a162dbd429ca91c169ff6c145746?s=96&d=mm&r=g","contentUrl":"https:\/\/secure.gravatar.com\/avatar\/bc11a162dbd429ca91c169ff6c145746?s=96&d=mm&r=g","caption":"lino"}}]}},"jetpack_sharing_enabled":true,"jetpack_featured_media_url":"","_links":{"self":[{"href":"https:\/\/ajunchantres2si2la.fr\/index.php\/wp-json\/wp\/v2\/posts\/535"}],"collection":[{"href":"https:\/\/ajunchantres2si2la.fr\/index.php\/wp-json\/wp\/v2\/posts"}],"about":[{"href":"https:\/\/ajunchantres2si2la.fr\/index.php\/wp-json\/wp\/v2\/types\/post"}],"author":[{"embeddable":true,"href":"https:\/\/ajunchantres2si2la.fr\/index.php\/wp-json\/wp\/v2\/users\/1"}],"replies":[{"embeddable":true,"href":"https:\/\/ajunchantres2si2la.fr\/index.php\/wp-json\/wp\/v2\/comments?post=535"}],"version-history":[{"count":17,"href":"https:\/\/ajunchantres2si2la.fr\/index.php\/wp-json\/wp\/v2\/posts\/535\/revisions"}],"predecessor-version":[{"id":585,"href":"https:\/\/ajunchantres2si2la.fr\/index.php\/wp-json\/wp\/v2\/posts\/535\/revisions\/585"}],"wp:attachment":[{"href":"https:\/\/ajunchantres2si2la.fr\/index.php\/wp-json\/wp\/v2\/media?parent=535"}],"wp:term":[{"taxonomy":"category","embeddable":true,"href":"https:\/\/ajunchantres2si2la.fr\/index.php\/wp-json\/wp\/v2\/categories?post=535"},{"taxonomy":"post_tag","embeddable":true,"href":"https:\/\/ajunchantres2si2la.fr\/index.php\/wp-json\/wp\/v2\/tags?post=535"}],"curies":[{"name":"wp","href":"https:\/\/api.w.org\/{rel}","templated":true}]}}