{"id":1187,"date":"2024-09-12T13:29:14","date_gmt":"2024-09-12T11:29:14","guid":{"rendered":"https:\/\/ajunchantres2si2la.fr\/?p=1187"},"modified":"2026-01-06T13:01:26","modified_gmt":"2026-01-06T12:01:26","slug":"reprise-de-lecole-de-guitare","status":"publish","type":"post","link":"https:\/\/ajunchantres2si2la.fr\/index.php\/2024\/09\/12\/reprise-de-lecole-de-guitare\/","title":{"rendered":"REPRISE DE L\u2019\u00c9COLE DE GUITARE!"},"content":{"rendered":"\n<p>Une nouvelle ann\u00e9e pour l&rsquo;\u00e9cole de guitare se pr\u00e9pare. Nous rappelons que les cours  se passent en collectif au<strong> LCR les Vergers &#8211;  26 rue des Vergers \u00e0 Villeneuve d&rsquo;Ascq<\/strong>, le <strong>vendredi de 18h00 \u00e0 19h30.<\/strong><br> Durant l&rsquo;ann\u00e9e qui vient de s&rsquo;\u00e9couler nous avons appris quelques airs populaires comme <strong>\u00ab\u00a0Yesterday\u00a0\u00bb<\/strong>, la chanson de Paul McCartney, <strong>\u00ab\u00a0Les Portes Du P\u00e9nitencier\u00a0\u00bb<\/strong>, une adaptation fran\u00e7aise  de la chanson des Animals \u00ab\u00a0The House Of The Rising Sun \u00ab\u00a0ou encore la Romance du film <strong>\u00ab\u00a0Les Jeux Interdits\u00a0\u00bb<\/strong>. Par ailleurs nous avons aussi fait le choix de travailler a partir d&rsquo;un recueil de petites pi\u00e8ces vari\u00e9es et adapt\u00e9es pour les deux premi\u00e8res ann\u00e9es de guitares  intitul\u00e9 <strong>\u00ab\u00a0Quinze petites r\u00e9cr\u00e9ations\u00a0\u00bb<\/strong> <strong>*<\/strong>. Nous avons abord\u00e9 parmi ces compositions originales,<strong> \u00ab\u00a0Petit Rock\u00a0\u00bb, Petite R\u00eaverie I ,II, et III,  et Petit Ragtime I et II<\/strong>. Dans la chanson qui suit compos\u00e9e sur un air britannique populaire, il est fait mention de si sol mi. En fait, ces trois notes repr\u00e9sentent un th\u00e8me de l&rsquo;une des pi\u00e8ce mentionn\u00e9es ci-dessus. Notre question. Laquelle s&rsquo;agit-il? Dites nous votre r\u00e9ponse le 15 septembre \u00e0 la foire aux associations** !  R\u00e9compense garantie !<br>A bient\u00f4t. LM<\/p>\n\n\n\n<p><strong>*<\/strong>De Vincent Hairault; \u00e9ditions  Henri Lemoine  &#8211; 2002<br><strong>**<\/strong> Palacium, quartier pont de bois, Villeneuve d&rsquo;Ascq<\/p>\n\n\n\n<figure class=\"wp-block-image size-full\"><img decoding=\"async\" loading=\"lazy\" width=\"794\" height=\"571\" src=\"https:\/\/ajunchantres2si2la.fr\/wp-content\/uploads\/2024\/09\/lcr_024-3.png\" alt=\"\" class=\"wp-image-1210\" srcset=\"https:\/\/ajunchantres2si2la.fr\/wp-content\/uploads\/2024\/09\/lcr_024-3.png 794w, https:\/\/ajunchantres2si2la.fr\/wp-content\/uploads\/2024\/09\/lcr_024-3-300x216.png 300w, https:\/\/ajunchantres2si2la.fr\/wp-content\/uploads\/2024\/09\/lcr_024-3-768x552.png 768w\" sizes=\"(max-width: 767px) 89vw, (max-width: 1000px) 54vw, (max-width: 1071px) 543px, 580px\" \/><\/figure>\n\n\n\n<figure class=\"wp-block-image size-large\"><img decoding=\"async\" loading=\"lazy\" width=\"755\" height=\"1024\" src=\"https:\/\/ajunchantres2si2la.fr\/wp-content\/uploads\/2024\/09\/yesterday0001-1-755x1024.png\" alt=\"\" class=\"wp-image-1195\" srcset=\"https:\/\/ajunchantres2si2la.fr\/wp-content\/uploads\/2024\/09\/yesterday0001-1-755x1024.png 755w, https:\/\/ajunchantres2si2la.fr\/wp-content\/uploads\/2024\/09\/yesterday0001-1-221x300.png 221w, https:\/\/ajunchantres2si2la.fr\/wp-content\/uploads\/2024\/09\/yesterday0001-1-768x1041.png 768w, https:\/\/ajunchantres2si2la.fr\/wp-content\/uploads\/2024\/09\/yesterday0001-1-1133x1536.png 1133w, https:\/\/ajunchantres2si2la.fr\/wp-content\/uploads\/2024\/09\/yesterday0001-1-1510x2048.png 1510w, https:\/\/ajunchantres2si2la.fr\/wp-content\/uploads\/2024\/09\/yesterday0001-1.png 1598w\" sizes=\"(max-width: 706px) 89vw, (max-width: 767px) 82vw, 740px\" \/><\/figure>\n\n\n\n<p><em><strong>\u00ab\u00a0Jeux Interdits\u00a0\u00bb<\/strong> &#8211; C\u00e9cile<strong><br>\u00ab\u00a0Yesterday\u00a0\u00bb<\/strong> -Lino<\/em><\/p>\n\n\n\n<figure class=\"wp-block-audio\"><audio controls src=\"https:\/\/ajunchantres2si2la.fr\/wp-content\/uploads\/2024\/12\/j_interdits_mix.mp3\"><\/audio><\/figure>\n\n\n\n<figure class=\"wp-block-audio\"><audio controls src=\"https:\/\/ajunchantres2si2la.fr\/wp-content\/uploads\/2024\/09\/yesterday_blog_chant.mp3\"><\/audio><\/figure>\n","protected":false},"excerpt":{"rendered":"<p>l&rsquo;ann\u00e9e de guitare f\u00fbt belle, et apr\u00e9s la pause estivale, une nouvelle s&rsquo;annonce d\u00e9j\u00e0. Rejoignez-nous!<\/p>\n","protected":false},"author":1,"featured_media":0,"comment_status":"closed","ping_status":"open","sticky":false,"template":"","format":"standard","meta":{"jetpack_publicize_message":"","jetpack_is_tweetstorm":false,"jetpack_publicize_feature_enabled":true,"jetpack_social_post_already_shared":true,"jetpack_social_options":{"image_generator_settings":{"template":"highway","enabled":false}}},"categories":[13,6,30],"tags":[46],"jetpack_publicize_connections":[],"yoast_head":"<!-- This site is optimized with the Yoast SEO plugin v18.9 - https:\/\/yoast.com\/wordpress\/plugins\/seo\/ -->\n<title>REPRISE DE L\u2019\u00c9COLE DE GUITARE! - AJUN CHANTRE de-ci de-l\u00e0<\/title>\n<meta name=\"robots\" content=\"index, follow, max-snippet:-1, max-image-preview:large, max-video-preview:-1\" \/>\n<link rel=\"canonical\" href=\"https:\/\/ajunchantres2si2la.fr\/index.php\/2024\/09\/12\/reprise-de-lecole-de-guitare\/\" \/>\n<meta property=\"og:locale\" content=\"fr_FR\" \/>\n<meta property=\"og:type\" content=\"article\" \/>\n<meta property=\"og:title\" content=\"REPRISE DE L\u2019\u00c9COLE DE GUITARE! - AJUN CHANTRE de-ci de-l\u00e0\" \/>\n<meta property=\"og:description\" content=\"l&#039;ann\u00e9e de guitare f\u00fbt belle, et apr\u00e9s la pause estivale, une nouvelle s&#039;annonce d\u00e9j\u00e0. Rejoignez-nous!\" \/>\n<meta property=\"og:url\" content=\"https:\/\/ajunchantres2si2la.fr\/index.php\/2024\/09\/12\/reprise-de-lecole-de-guitare\/\" \/>\n<meta property=\"og:site_name\" content=\"AJUN CHANTRE de-ci de-l\u00e0\" \/>\n<meta property=\"article:published_time\" content=\"2024-09-12T11:29:14+00:00\" \/>\n<meta property=\"article:modified_time\" content=\"2026-01-06T12:01:26+00:00\" \/>\n<meta property=\"og:image\" content=\"https:\/\/ajunchantres2si2la.fr\/wp-content\/uploads\/2024\/09\/lcr_024-3.png\" \/>\n<meta name=\"twitter:card\" content=\"summary_large_image\" \/>\n<meta name=\"twitter:label1\" content=\"\u00c9crit par\" \/>\n\t<meta name=\"twitter:data1\" content=\"lino\" \/>\n\t<meta name=\"twitter:label2\" content=\"Dur\u00e9e de lecture estim\u00e9e\" \/>\n\t<meta name=\"twitter:data2\" content=\"1 minute\" \/>\n<script type=\"application\/ld+json\" class=\"yoast-schema-graph\">{\"@context\":\"https:\/\/schema.org\",\"@graph\":[{\"@type\":\"WebSite\",\"@id\":\"https:\/\/ajunchantres2si2la.fr\/#website\",\"url\":\"https:\/\/ajunchantres2si2la.fr\/\",\"name\":\"AJUN CHANTRE DE-CI DE-LA\",\"description\":\"CHANSONS POPULAIRES ET TRADITIONNELLES DU MONDE\",\"potentialAction\":[{\"@type\":\"SearchAction\",\"target\":{\"@type\":\"EntryPoint\",\"urlTemplate\":\"https:\/\/ajunchantres2si2la.fr\/?s={search_term_string}\"},\"query-input\":\"required name=search_term_string\"}],\"inLanguage\":\"fr-FR\"},{\"@type\":\"ImageObject\",\"inLanguage\":\"fr-FR\",\"@id\":\"https:\/\/ajunchantres2si2la.fr\/index.php\/2024\/09\/12\/reprise-de-lecole-de-guitare\/#primaryimage\",\"url\":\"https:\/\/ajunchantres2si2la.fr\/wp-content\/uploads\/2024\/09\/lcr_024-3.png\",\"contentUrl\":\"https:\/\/ajunchantres2si2la.fr\/wp-content\/uploads\/2024\/09\/lcr_024-3.png\",\"width\":794,\"height\":571},{\"@type\":\"WebPage\",\"@id\":\"https:\/\/ajunchantres2si2la.fr\/index.php\/2024\/09\/12\/reprise-de-lecole-de-guitare\/#webpage\",\"url\":\"https:\/\/ajunchantres2si2la.fr\/index.php\/2024\/09\/12\/reprise-de-lecole-de-guitare\/\",\"name\":\"REPRISE DE L\u2019\u00c9COLE DE GUITARE! - AJUN CHANTRE de-ci de-l\u00e0\",\"isPartOf\":{\"@id\":\"https:\/\/ajunchantres2si2la.fr\/#website\"},\"primaryImageOfPage\":{\"@id\":\"https:\/\/ajunchantres2si2la.fr\/index.php\/2024\/09\/12\/reprise-de-lecole-de-guitare\/#primaryimage\"},\"datePublished\":\"2024-09-12T11:29:14+00:00\",\"dateModified\":\"2026-01-06T12:01:26+00:00\",\"author\":{\"@id\":\"https:\/\/ajunchantres2si2la.fr\/#\/schema\/person\/f577fc8f8af7aab0edb77637f645477c\"},\"breadcrumb\":{\"@id\":\"https:\/\/ajunchantres2si2la.fr\/index.php\/2024\/09\/12\/reprise-de-lecole-de-guitare\/#breadcrumb\"},\"inLanguage\":\"fr-FR\",\"potentialAction\":[{\"@type\":\"ReadAction\",\"target\":[\"https:\/\/ajunchantres2si2la.fr\/index.php\/2024\/09\/12\/reprise-de-lecole-de-guitare\/\"]}]},{\"@type\":\"BreadcrumbList\",\"@id\":\"https:\/\/ajunchantres2si2la.fr\/index.php\/2024\/09\/12\/reprise-de-lecole-de-guitare\/#breadcrumb\",\"itemListElement\":[{\"@type\":\"ListItem\",\"position\":1,\"name\":\"Accueil\",\"item\":\"https:\/\/ajunchantres2si2la.fr\/\"},{\"@type\":\"ListItem\",\"position\":2,\"name\":\"REPRISE DE L\u2019\u00c9COLE DE GUITARE!\"}]},{\"@type\":\"Person\",\"@id\":\"https:\/\/ajunchantres2si2la.fr\/#\/schema\/person\/f577fc8f8af7aab0edb77637f645477c\",\"name\":\"lino\",\"image\":{\"@type\":\"ImageObject\",\"inLanguage\":\"fr-FR\",\"@id\":\"https:\/\/ajunchantres2si2la.fr\/#\/schema\/person\/image\/\",\"url\":\"https:\/\/secure.gravatar.com\/avatar\/bc11a162dbd429ca91c169ff6c145746?s=96&d=mm&r=g\",\"contentUrl\":\"https:\/\/secure.gravatar.com\/avatar\/bc11a162dbd429ca91c169ff6c145746?s=96&d=mm&r=g\",\"caption\":\"lino\"}}]}<\/script>\n<!-- \/ Yoast SEO plugin. -->","yoast_head_json":{"title":"REPRISE DE L\u2019\u00c9COLE DE GUITARE! - AJUN CHANTRE de-ci de-l\u00e0","robots":{"index":"index","follow":"follow","max-snippet":"max-snippet:-1","max-image-preview":"max-image-preview:large","max-video-preview":"max-video-preview:-1"},"canonical":"https:\/\/ajunchantres2si2la.fr\/index.php\/2024\/09\/12\/reprise-de-lecole-de-guitare\/","og_locale":"fr_FR","og_type":"article","og_title":"REPRISE DE L\u2019\u00c9COLE DE GUITARE! - AJUN CHANTRE de-ci de-l\u00e0","og_description":"l'ann\u00e9e de guitare f\u00fbt belle, et apr\u00e9s la pause estivale, une nouvelle s'annonce d\u00e9j\u00e0. Rejoignez-nous!","og_url":"https:\/\/ajunchantres2si2la.fr\/index.php\/2024\/09\/12\/reprise-de-lecole-de-guitare\/","og_site_name":"AJUN CHANTRE de-ci de-l\u00e0","article_published_time":"2024-09-12T11:29:14+00:00","article_modified_time":"2026-01-06T12:01:26+00:00","og_image":[{"url":"https:\/\/ajunchantres2si2la.fr\/wp-content\/uploads\/2024\/09\/lcr_024-3.png"}],"twitter_card":"summary_large_image","twitter_misc":{"\u00c9crit par":"lino","Dur\u00e9e de lecture estim\u00e9e":"1 minute"},"schema":{"@context":"https:\/\/schema.org","@graph":[{"@type":"WebSite","@id":"https:\/\/ajunchantres2si2la.fr\/#website","url":"https:\/\/ajunchantres2si2la.fr\/","name":"AJUN CHANTRE DE-CI DE-LA","description":"CHANSONS POPULAIRES ET TRADITIONNELLES DU MONDE","potentialAction":[{"@type":"SearchAction","target":{"@type":"EntryPoint","urlTemplate":"https:\/\/ajunchantres2si2la.fr\/?s={search_term_string}"},"query-input":"required name=search_term_string"}],"inLanguage":"fr-FR"},{"@type":"ImageObject","inLanguage":"fr-FR","@id":"https:\/\/ajunchantres2si2la.fr\/index.php\/2024\/09\/12\/reprise-de-lecole-de-guitare\/#primaryimage","url":"https:\/\/ajunchantres2si2la.fr\/wp-content\/uploads\/2024\/09\/lcr_024-3.png","contentUrl":"https:\/\/ajunchantres2si2la.fr\/wp-content\/uploads\/2024\/09\/lcr_024-3.png","width":794,"height":571},{"@type":"WebPage","@id":"https:\/\/ajunchantres2si2la.fr\/index.php\/2024\/09\/12\/reprise-de-lecole-de-guitare\/#webpage","url":"https:\/\/ajunchantres2si2la.fr\/index.php\/2024\/09\/12\/reprise-de-lecole-de-guitare\/","name":"REPRISE DE L\u2019\u00c9COLE DE GUITARE! - AJUN CHANTRE de-ci de-l\u00e0","isPartOf":{"@id":"https:\/\/ajunchantres2si2la.fr\/#website"},"primaryImageOfPage":{"@id":"https:\/\/ajunchantres2si2la.fr\/index.php\/2024\/09\/12\/reprise-de-lecole-de-guitare\/#primaryimage"},"datePublished":"2024-09-12T11:29:14+00:00","dateModified":"2026-01-06T12:01:26+00:00","author":{"@id":"https:\/\/ajunchantres2si2la.fr\/#\/schema\/person\/f577fc8f8af7aab0edb77637f645477c"},"breadcrumb":{"@id":"https:\/\/ajunchantres2si2la.fr\/index.php\/2024\/09\/12\/reprise-de-lecole-de-guitare\/#breadcrumb"},"inLanguage":"fr-FR","potentialAction":[{"@type":"ReadAction","target":["https:\/\/ajunchantres2si2la.fr\/index.php\/2024\/09\/12\/reprise-de-lecole-de-guitare\/"]}]},{"@type":"BreadcrumbList","@id":"https:\/\/ajunchantres2si2la.fr\/index.php\/2024\/09\/12\/reprise-de-lecole-de-guitare\/#breadcrumb","itemListElement":[{"@type":"ListItem","position":1,"name":"Accueil","item":"https:\/\/ajunchantres2si2la.fr\/"},{"@type":"ListItem","position":2,"name":"REPRISE DE L\u2019\u00c9COLE DE GUITARE!"}]},{"@type":"Person","@id":"https:\/\/ajunchantres2si2la.fr\/#\/schema\/person\/f577fc8f8af7aab0edb77637f645477c","name":"lino","image":{"@type":"ImageObject","inLanguage":"fr-FR","@id":"https:\/\/ajunchantres2si2la.fr\/#\/schema\/person\/image\/","url":"https:\/\/secure.gravatar.com\/avatar\/bc11a162dbd429ca91c169ff6c145746?s=96&d=mm&r=g","contentUrl":"https:\/\/secure.gravatar.com\/avatar\/bc11a162dbd429ca91c169ff6c145746?s=96&d=mm&r=g","caption":"lino"}}]}},"jetpack_sharing_enabled":true,"jetpack_featured_media_url":"","_links":{"self":[{"href":"https:\/\/ajunchantres2si2la.fr\/index.php\/wp-json\/wp\/v2\/posts\/1187"}],"collection":[{"href":"https:\/\/ajunchantres2si2la.fr\/index.php\/wp-json\/wp\/v2\/posts"}],"about":[{"href":"https:\/\/ajunchantres2si2la.fr\/index.php\/wp-json\/wp\/v2\/types\/post"}],"author":[{"embeddable":true,"href":"https:\/\/ajunchantres2si2la.fr\/index.php\/wp-json\/wp\/v2\/users\/1"}],"replies":[{"embeddable":true,"href":"https:\/\/ajunchantres2si2la.fr\/index.php\/wp-json\/wp\/v2\/comments?post=1187"}],"version-history":[{"count":22,"href":"https:\/\/ajunchantres2si2la.fr\/index.php\/wp-json\/wp\/v2\/posts\/1187\/revisions"}],"predecessor-version":[{"id":1249,"href":"https:\/\/ajunchantres2si2la.fr\/index.php\/wp-json\/wp\/v2\/posts\/1187\/revisions\/1249"}],"wp:attachment":[{"href":"https:\/\/ajunchantres2si2la.fr\/index.php\/wp-json\/wp\/v2\/media?parent=1187"}],"wp:term":[{"taxonomy":"category","embeddable":true,"href":"https:\/\/ajunchantres2si2la.fr\/index.php\/wp-json\/wp\/v2\/categories?post=1187"},{"taxonomy":"post_tag","embeddable":true,"href":"https:\/\/ajunchantres2si2la.fr\/index.php\/wp-json\/wp\/v2\/tags?post=1187"}],"curies":[{"name":"wp","href":"https:\/\/api.w.org\/{rel}","templated":true}]}}